{"provider_url": "https://www.saojoaodaboavista.sp.leg.br", "title": "NOTA DE ESCLARECIMENTO", "html": "<p>\u00a0</p>\r\n<p style=\"text-align: center; \"><strong>NOTA DE ESCLARECIMENTO</strong></p>\r\n<p style=\"text-align: justify; \"><br />\u00a0<br />Em aten\u00e7\u00e3o a uma publica\u00e7\u00e3o realizada por meio de comunica\u00e7\u00e3o online nesta sexta-feira (23.01.2026), a C\u00e2mara Municipal de S\u00e3o Jo\u00e3o da Boa Vista esclarece que:\u00a0</p>\r\n<p style=\"text-align: justify; \"><br />- a orienta\u00e7\u00e3o t\u00e9cnica, por meio de respostas objetivas orais ou pareceres escritos, \u00e9 fornecida \u00e0 C\u00e2mara Municipal, quando necess\u00e1rio, pela Uni\u00e3o dos Vereadores do Estado de S\u00e3o Paulo (UVESP), \u00e0 qual o Poder Legislativo est\u00e1 filiado.\u00a0</p>\r\n<p style=\"text-align: justify; \"><br />- o atual Presidente da C\u00e2mara Municipal, Vereador Carioca, solicitou neste m\u00eas de janeiro \u00e0 UVESP a substitui\u00e7\u00e3o da advogada profissional representante t\u00e9cnica que anteriormente era designada pela UVESP para atender as demandas do Poder Legislativo sanjoanense.\u00a0</p>\r\n<p style=\"text-align: justify; \"><br />- assim sendo, a profissional advogada j\u00e1 n\u00e3o mais presta servi\u00e7os \u00e0 C\u00e2mara Municipal de S\u00e3o Jo\u00e3o da Boa Vista, por meio da UVESP.\u00a0Fica esclarecido, ainda, que a profissional jamais ocupou cargo p\u00fablico na C\u00e2mara Municipal.</p>\r\n<p style=\"text-align: center; \"><br />\u00a0<br />S\u00e3o Jo\u00e3o da Boa Vista, 23 de janeiro de 2026</p>", "author_name": "", "version": "1.0", "author_url": "https://www.saojoaodaboavista.sp.leg.br/author/sbv", "provider_name": "C\u00e2mara Municipal de S\u00e3o Jo\u00e3o da Boa Vista", "type": "rich"}