{"provider_url": "https://www.saojoaodaboavista.sp.leg.br", "title": "Sess\u00e3o Solene - T\u00edtulo Policial Padr\u00e3o", "html": "<p>\u00a0</p>\r\n<p><strong><a title=\"\" href=\"https://www.saojoaodaboavista.sp.leg.br/imagens/15-04-26-solene-policial\" class=\"internal-link\" target=\"_self\">Galeria de fotos</a></strong></p>\r\n<p><a class=\"external-link\" href=\"https://www.youtube.com/watch?v=-Sv9s2-U2Pk\" target=\"_self\" title=\"\"><strong>V\u00eddeo da sess\u00e3o</strong>\u00a0</a></p>\r\n<p>\u00a0</p>\r\n<p style=\"text-align: justify; \">A C\u00e2mara Municipal de S\u00e3o Jo\u00e3o da Boa Vista realizou na quarta-feira, 15.04.26, Sess\u00e3o Solene de Outorga do T\u00edtulo Policial Padr\u00e3o, no Plen\u00e1rio Dr. Durval Nicolau.</p>\r\n<p style=\"text-align: justify; \">A solenidade foi presidida pelo chefe do Legislativo sanjoanense, vereador Carioca, e contou com os vereadores Alexandre Sassar\u00e3o, primeiro secret\u00e1rio; Jo\u00e3o Luis Moretto, Rafael do Mercado e Nei da Farm\u00e1cia, al\u00e9m de autoridades civis e militares.</p>\r\n<p style=\"text-align: justify; \">A honraria foi institu\u00edda pelo Decreto Legislativo n\u00famero 7 de 2013, com objetivo de valorizar a atividade policial, essencial \u00e0 sociedade, em alus\u00e3o a 21 de Abril, Dia de Tiradentes, patrono das pol\u00edcias. Os profissionais de seguran\u00e7a p\u00fablica s\u00e3o indicados por suas respectivas institui\u00e7\u00f5es, com base em seus m\u00e9ritos profissionais.</p>\r\n<p style=\"text-align: justify; \">Nesta d\u00e9cima terceira edi\u00e7\u00e3o, foram homenageados:</p>\r\n<p style=\"text-align: justify; \"><strong>Soldado PM Andreia Noronha Inoc\u00eancio</strong>, indicada pela Pol\u00edcia Militar Rodovi\u00e1ria</p>\r\n<p style=\"text-align: justify; \"><strong>Escriv\u00e3 Chefe \u00c2ngela Aparecida Calegari Pereira</strong>, indicada pela Delegacia Seccional / Pol\u00edcia Civil</p>\r\n<p style=\"text-align: justify; \"><strong>Cabo PM Ivo Donizetti Marcolino</strong>, indicado 24\u00ba Batalh\u00e3o de Pol\u00edcia Militar do Interior / 1\u00aa Cia.</p>\r\n<p style=\"text-align: justify; \"><strong>Maria Ester Cruz</strong>, Fot\u00f3grafa T\u00e9cnica Pericial, indicada pela Pol\u00edcia Cient\u00edfica / Instituto de Criminal\u00edstica</p>\r\n<p style=\"text-align: justify; \"><strong>Cabo PM Tiago Jos\u00e9 Matiello</strong>, indicado pelo Corpo de Bombeiros</p>\r\n<p style=\"text-align: justify; \">O <strong>Soldado PM Gabriel Monteiro dos Santos</strong>, indicado pela Pol\u00edcia Militar Ambiental, n\u00e3o p\u00f4de comparecer, e ser\u00e1 laureado oportunamente.</p>\r\n<p>\u00a0</p>\r\n<p><img src=\"https://www.saojoaodaboavista.sp.leg.br/cadastro-de-eventos/convite15.04.26.jpg/@@images/8c032928-b78a-4a5d-ab1f-dfd93a729b05.jpeg\" alt=\"\" class=\"image-inline\" title=\"\" /></p>", "author_name": "", "version": "1.0", "author_url": "https://www.saojoaodaboavista.sp.leg.br/author/sbv", "provider_name": "C\u00e2mara Municipal de S\u00e3o Jo\u00e3o da Boa Vista", "type": "rich"}