{"provider_url": "https://www.saojoaodaboavista.sp.leg.br", "title": "Sess\u00e3o Solene - Dia de Allan Kardec", "html": "<p>\u00a0</p>\r\n<p><strong><a title=\"\" href=\"https://www.saojoaodaboavista.sp.leg.br/imagens/08-04.26\" class=\"internal-link\" target=\"_self\">Galeria de fotos</a></strong></p>\r\n<p><a class=\"external-link\" href=\"https://www.youtube.com/watch?v=YX1HcFhUHyM\" target=\"_self\" title=\"\"><strong>V\u00eddeo da sess\u00e3o</strong>\u00a0</a></p>\r\n<p>\u00a0</p>\r\n<p><img src=\"https://www.saojoaodaboavista.sp.leg.br/cadastro-de-eventos/copy_of_convite08.04.26.jpg/@@images/61be7cc3-043e-4e6b-984b-b5cb131f24a8.jpeg\" alt=\"\" class=\"image-inline\" title=\"\" /></p>", "author_name": "", "version": "1.0", "author_url": "https://www.saojoaodaboavista.sp.leg.br/author/sbv", "provider_name": "C\u00e2mara Municipal de S\u00e3o Jo\u00e3o da Boa Vista", "type": "rich"}